{"id":234,"date":"2018-11-01T13:20:56","date_gmt":"2018-11-01T13:20:56","guid":{"rendered":"https:\/\/flow.energyflows.ch\/?p=234"},"modified":"2020-07-13T13:21:21","modified_gmt":"2020-07-13T13:21:21","slug":"zuespa-messe-zuerich-time-to-get-still-oktober-2018","status":"publish","type":"post","link":"https:\/\/energyflows.ch\/index.php\/2018\/11\/01\/zuespa-messe-zuerich-time-to-get-still-oktober-2018\/","title":{"rendered":"Z\u00fcspa Messe Z\u00fcrich \u2013 Time to get still \/ Oktober 2018"},"content":{"rendered":"<p><img loading=\"lazy\" decoding=\"async\" src=\"https:\/\/www.energyflows.ch\/bilder\/blog\/Zuespa-2018.jpg\" alt=\"\" width=\"420\" height=\"315\" border=\"0\" \/><\/p>\n<p>Anfangs Oktober durfte ich als Vertreterin des Berufsverbandes <a href=\"http:\/\/www.craniosuisse.ch\/\" target=\"_blank\" rel=\"noopener noreferrer\">www.craniosuisse.ch<\/a> an der Z\u00fcspa t\u00e4tig sein. Wir informierten \u00fcber die Behandlungsmethode Craniosacral Therapie und boten interessierten Messebesuchern kostenlose Anf\u00fchlproben an. An der diesj\u00e4hrigen Z\u00fcspa vom 04.10 \u2013 07.10.2018 habe ich unter anderem folgenden Trend wahrgenommen:<\/p>\n<p>Der positive Gesamteindruck des CranioSuisse-Messestandes spricht f\u00fcr sich. Unser Stand war die gepflegte Oase der Ruhe und Besinnung inmitten der lauten Z\u00fcrcher Fitness-Messe Fit X More. Ich hatte den Eindruck, dass die Vorbehalte und die Ber\u00fchrungs\u00e4ngste der Menschen mit der Methode stark abgenommen haben. Stattdessen geh\u00f6rt es schon fast zum guten Ton, sich auf die sch\u00f6ne, farblich abgestimmte Liege zu begeben und zu entspannen.<\/p>\n<p>Es kamen auch \u00f6fters Messe-Aussteller zur Anf\u00fchlprobe. Zum Beispiel ein Weinh\u00e4ndler, der sein Smartphone f\u00fcr die Probebehandlung auf sich trug. Wie es der Zufall so wollte, fing das Smartphone an zu vibrieren und er nahm den Anruf auf der Liege entgegen. Er hob seinen Kopf ein wenig ab um das kurze Gespr\u00e4ch zu f\u00fchren, aber ansonsten blieb der entspannungswillige Mann unter der Wolldecke liegen. Wir vom Team guckten uns an und ein Schmunzeln machte die Runde.<\/p>\n<p>T<strong>ransportiert diese Szene nicht die Botschaft &#8222;Craniosacral Therapie ist etwas f\u00fcr viel besch\u00e4ftigte und gefragte Berufsleute&#8220;?<\/strong><\/p>\n<p>Nat\u00fcrlich kann auch moniert werden, dass sich solche Menschen ja nur hinlegen und ihre Ruhe haben wollen. Dies w\u00fcrde jedoch einen wunden Punkt unserer gesellschaftlichen Befindlichkeit aufzeigen, n\u00e4mlich das riesengrosse Bed\u00fcrfnis nach gesundheitsrelevanter Entspannung.<\/p>\n<p>Das anschliessende Gespr\u00e4ch mit dem H\u00e4ndler hat aufgezeigt, dass er es ernst gemeint hat. Der Punkt der kurzen Sitzung war \u00abFremd- und Eigenwahrnehmung bez\u00fcglich der H\u00f6he des gef\u00fchlten Stresslevels\u00bb. Ganz nach dem Motto \u00ab Das Wahrnehmen des eigenen Stresses \/ der eigenen Verspannung ist die Voraussetzung f\u00fcr die Entspannung der Verspannung.\u00bb<\/p>\n<p>Unsere offerierten Anf\u00fchlproben dauerten in der Regel 15 \u2013 20 Minuten. Es ist immer wieder erstaunlich, was in 20 Minuten alles passieren kann. Die Umst\u00e4nde an der l\u00e4rmigen Messe waren ja weit weg vom idealen Zustand. Die Menschen waren jedoch bereit, etwas \u00fcber sich zu erfahren, etwas zu erleben, etwas zu sp\u00fcren und liessen sich ein auf Craniosacral Therapie.<br \/>\nUnser Messeauftritt mit einer Auslastung von 95% kann als Erfolg verbucht werden.<\/p>\n<p>Wir vom Team bleiben dran!<br \/>\nTime to get still?<br \/>\nWann hast du das letzte Mal deine innere Ruhe gesp\u00fcrt?<br \/>\nGet still . . . .<\/p>\n","protected":false},"excerpt":{"rendered":"<p>Anfangs Oktober durfte ich als Vertreterin des Berufsverbandes www.craniosuisse.ch an der Z\u00fcspa t\u00e4tig sein. Wir informierten \u00fcber die Behandlungsmethode Craniosacral Therapie und boten interessierten Messebesuchern kostenlose Anf\u00fchlproben an. An der diesj\u00e4hrigen Z\u00fcspa vom 04.10 \u2013 07.10.2018 habe ich unter anderem folgenden Trend wahrgenommen: Der positive Gesamteindruck des CranioSuisse-Messestandes spricht f\u00fcr sich. Unser Stand war die &hellip; <\/p>\n<p class=\"link-more\"><a href=\"https:\/\/energyflows.ch\/index.php\/2018\/11\/01\/zuespa-messe-zuerich-time-to-get-still-oktober-2018\/\" class=\"more-link\"><span class=\"screen-reader-text\">\u201eZ\u00fcspa Messe Z\u00fcrich \u2013 Time to get still \/ Oktober 2018\u201c<\/span> weiterlesen<\/a><\/p>\n","protected":false},"author":1,"featured_media":0,"comment_status":"closed","ping_status":"open","sticky":false,"template":"","format":"standard","meta":{"footnotes":""},"categories":[1],"tags":[],"class_list":["post-234","post","type-post","status-publish","format-standard","hentry","category-uncategorized"],"yoast_head":"<!-- This site is optimized with the Yoast SEO plugin v23.2 - https:\/\/yoast.com\/wordpress\/plugins\/seo\/ -->\n<title>Z\u00fcspa Messe Z\u00fcrich \u2013 Time to get still \/ Oktober 2018 &#8226; BARBARA WERNER \/ Craniosacral Therapie &amp; Entspannung &amp; Blog<\/title>\n<meta name=\"robots\" content=\"index, follow, max-snippet:-1, max-image-preview:large, max-video-preview:-1\" \/>\n<link rel=\"canonical\" href=\"https:\/\/energyflows.ch\/index.php\/2018\/11\/01\/zuespa-messe-zuerich-time-to-get-still-oktober-2018\/\" \/>\n<meta property=\"og:locale\" content=\"de_DE\" \/>\n<meta property=\"og:type\" content=\"article\" \/>\n<meta property=\"og:title\" content=\"Z\u00fcspa Messe Z\u00fcrich \u2013 Time to get still \/ Oktober 2018 &#8226; BARBARA WERNER \/ Craniosacral Therapie &amp; Entspannung &amp; Blog\" \/>\n<meta property=\"og:description\" content=\"Anfangs Oktober durfte ich als Vertreterin des Berufsverbandes www.craniosuisse.ch an der Z\u00fcspa t\u00e4tig sein. Wir informierten \u00fcber die Behandlungsmethode Craniosacral Therapie und boten interessierten Messebesuchern kostenlose Anf\u00fchlproben an. An der diesj\u00e4hrigen Z\u00fcspa vom 04.10 \u2013 07.10.2018 habe ich unter anderem folgenden Trend wahrgenommen: Der positive Gesamteindruck des CranioSuisse-Messestandes spricht f\u00fcr sich. Unser Stand war die &hellip; \u201eZ\u00fcspa Messe Z\u00fcrich \u2013 Time to get still \/ Oktober 2018\u201c weiterlesen\" \/>\n<meta property=\"og:url\" content=\"https:\/\/energyflows.ch\/index.php\/2018\/11\/01\/zuespa-messe-zuerich-time-to-get-still-oktober-2018\/\" \/>\n<meta property=\"og:site_name\" content=\"BARBARA WERNER \/ Craniosacral Therapie &amp; Entspannung &amp; Blog\" \/>\n<meta property=\"article:publisher\" content=\"https:\/\/www.facebook.com\/Maveena119\" \/>\n<meta property=\"article:published_time\" content=\"2018-11-01T13:20:56+00:00\" \/>\n<meta property=\"article:modified_time\" content=\"2020-07-13T13:21:21+00:00\" \/>\n<meta property=\"og:image\" content=\"https:\/\/www.energyflows.ch\/bilder\/blog\/Zuespa-2018.jpg\" \/>\n<meta name=\"author\" content=\"admin\" \/>\n<meta name=\"twitter:card\" content=\"summary_large_image\" \/>\n<meta name=\"twitter:label1\" content=\"Verfasst von\" \/>\n\t<meta name=\"twitter:data1\" content=\"admin\" \/>\n\t<meta name=\"twitter:label2\" content=\"Gesch\u00e4tzte Lesezeit\" \/>\n\t<meta name=\"twitter:data2\" content=\"2\u00a0Minuten\" \/>\n<script type=\"application\/ld+json\" class=\"yoast-schema-graph\">{\"@context\":\"https:\/\/schema.org\",\"@graph\":[{\"@type\":\"WebPage\",\"@id\":\"https:\/\/energyflows.ch\/index.php\/2018\/11\/01\/zuespa-messe-zuerich-time-to-get-still-oktober-2018\/\",\"url\":\"https:\/\/energyflows.ch\/index.php\/2018\/11\/01\/zuespa-messe-zuerich-time-to-get-still-oktober-2018\/\",\"name\":\"Z\u00fcspa Messe Z\u00fcrich \u2013 Time to get still \/ Oktober 2018 &#8226; BARBARA WERNER \/ Craniosacral Therapie &amp; Entspannung &amp; Blog\",\"isPartOf\":{\"@id\":\"https:\/\/energyflows.ch\/#website\"},\"primaryImageOfPage\":{\"@id\":\"https:\/\/energyflows.ch\/index.php\/2018\/11\/01\/zuespa-messe-zuerich-time-to-get-still-oktober-2018\/#primaryimage\"},\"image\":{\"@id\":\"https:\/\/energyflows.ch\/index.php\/2018\/11\/01\/zuespa-messe-zuerich-time-to-get-still-oktober-2018\/#primaryimage\"},\"thumbnailUrl\":\"https:\/\/www.energyflows.ch\/bilder\/blog\/Zuespa-2018.jpg\",\"datePublished\":\"2018-11-01T13:20:56+00:00\",\"dateModified\":\"2020-07-13T13:21:21+00:00\",\"author\":{\"@id\":\"https:\/\/energyflows.ch\/#\/schema\/person\/1e2b19b86db41e1af68d257da6a04ac5\"},\"breadcrumb\":{\"@id\":\"https:\/\/energyflows.ch\/index.php\/2018\/11\/01\/zuespa-messe-zuerich-time-to-get-still-oktober-2018\/#breadcrumb\"},\"inLanguage\":\"de\",\"potentialAction\":[{\"@type\":\"ReadAction\",\"target\":[\"https:\/\/energyflows.ch\/index.php\/2018\/11\/01\/zuespa-messe-zuerich-time-to-get-still-oktober-2018\/\"]}]},{\"@type\":\"ImageObject\",\"inLanguage\":\"de\",\"@id\":\"https:\/\/energyflows.ch\/index.php\/2018\/11\/01\/zuespa-messe-zuerich-time-to-get-still-oktober-2018\/#primaryimage\",\"url\":\"https:\/\/www.energyflows.ch\/bilder\/blog\/Zuespa-2018.jpg\",\"contentUrl\":\"https:\/\/www.energyflows.ch\/bilder\/blog\/Zuespa-2018.jpg\"},{\"@type\":\"BreadcrumbList\",\"@id\":\"https:\/\/energyflows.ch\/index.php\/2018\/11\/01\/zuespa-messe-zuerich-time-to-get-still-oktober-2018\/#breadcrumb\",\"itemListElement\":[{\"@type\":\"ListItem\",\"position\":1,\"name\":\"Startseite\",\"item\":\"https:\/\/energyflows.ch\/\"},{\"@type\":\"ListItem\",\"position\":2,\"name\":\"Z\u00fcspa Messe Z\u00fcrich \u2013 Time to get still \/ Oktober 2018\"}]},{\"@type\":\"WebSite\",\"@id\":\"https:\/\/energyflows.ch\/#website\",\"url\":\"https:\/\/energyflows.ch\/\",\"name\":\"Barbara Werner Therapie & Coaching f\u00fcr Bewusstsein Referentin \/ Autorin \/ Mensch Craniosacral Therapie\",\"description\":\"Gesundheit, Bewusst-Sein, Nachhaltigkeit, Flow, Zeitgeist\",\"potentialAction\":[{\"@type\":\"SearchAction\",\"target\":{\"@type\":\"EntryPoint\",\"urlTemplate\":\"https:\/\/energyflows.ch\/?s={search_term_string}\"},\"query-input\":\"required name=search_term_string\"}],\"inLanguage\":\"de\"},{\"@type\":\"Person\",\"@id\":\"https:\/\/energyflows.ch\/#\/schema\/person\/1e2b19b86db41e1af68d257da6a04ac5\",\"name\":\"admin\",\"image\":{\"@type\":\"ImageObject\",\"inLanguage\":\"de\",\"@id\":\"https:\/\/energyflows.ch\/#\/schema\/person\/image\/\",\"url\":\"https:\/\/secure.gravatar.com\/avatar\/f7770b46aabc2b479583398341647244?s=96&d=mm&r=g\",\"contentUrl\":\"https:\/\/secure.gravatar.com\/avatar\/f7770b46aabc2b479583398341647244?s=96&d=mm&r=g\",\"caption\":\"admin\"},\"sameAs\":[\"https:\/\/energyflows.ch\"]}]}<\/script>\n<!-- \/ Yoast SEO plugin. -->","yoast_head_json":{"title":"Z\u00fcspa Messe Z\u00fcrich \u2013 Time to get still \/ Oktober 2018 &#8226; BARBARA WERNER \/ Craniosacral Therapie &amp; Entspannung &amp; Blog","robots":{"index":"index","follow":"follow","max-snippet":"max-snippet:-1","max-image-preview":"max-image-preview:large","max-video-preview":"max-video-preview:-1"},"canonical":"https:\/\/energyflows.ch\/index.php\/2018\/11\/01\/zuespa-messe-zuerich-time-to-get-still-oktober-2018\/","og_locale":"de_DE","og_type":"article","og_title":"Z\u00fcspa Messe Z\u00fcrich \u2013 Time to get still \/ Oktober 2018 &#8226; BARBARA WERNER \/ Craniosacral Therapie &amp; Entspannung &amp; Blog","og_description":"Anfangs Oktober durfte ich als Vertreterin des Berufsverbandes www.craniosuisse.ch an der Z\u00fcspa t\u00e4tig sein. Wir informierten \u00fcber die Behandlungsmethode Craniosacral Therapie und boten interessierten Messebesuchern kostenlose Anf\u00fchlproben an. An der diesj\u00e4hrigen Z\u00fcspa vom 04.10 \u2013 07.10.2018 habe ich unter anderem folgenden Trend wahrgenommen: Der positive Gesamteindruck des CranioSuisse-Messestandes spricht f\u00fcr sich. Unser Stand war die &hellip; \u201eZ\u00fcspa Messe Z\u00fcrich \u2013 Time to get still \/ Oktober 2018\u201c weiterlesen","og_url":"https:\/\/energyflows.ch\/index.php\/2018\/11\/01\/zuespa-messe-zuerich-time-to-get-still-oktober-2018\/","og_site_name":"BARBARA WERNER \/ Craniosacral Therapie &amp; Entspannung &amp; Blog","article_publisher":"https:\/\/www.facebook.com\/Maveena119","article_published_time":"2018-11-01T13:20:56+00:00","article_modified_time":"2020-07-13T13:21:21+00:00","og_image":[{"url":"https:\/\/www.energyflows.ch\/bilder\/blog\/Zuespa-2018.jpg"}],"author":"admin","twitter_card":"summary_large_image","twitter_misc":{"Verfasst von":"admin","Gesch\u00e4tzte Lesezeit":"2\u00a0Minuten"},"schema":{"@context":"https:\/\/schema.org","@graph":[{"@type":"WebPage","@id":"https:\/\/energyflows.ch\/index.php\/2018\/11\/01\/zuespa-messe-zuerich-time-to-get-still-oktober-2018\/","url":"https:\/\/energyflows.ch\/index.php\/2018\/11\/01\/zuespa-messe-zuerich-time-to-get-still-oktober-2018\/","name":"Z\u00fcspa Messe Z\u00fcrich \u2013 Time to get still \/ Oktober 2018 &#8226; BARBARA WERNER \/ Craniosacral Therapie &amp; Entspannung &amp; Blog","isPartOf":{"@id":"https:\/\/energyflows.ch\/#website"},"primaryImageOfPage":{"@id":"https:\/\/energyflows.ch\/index.php\/2018\/11\/01\/zuespa-messe-zuerich-time-to-get-still-oktober-2018\/#primaryimage"},"image":{"@id":"https:\/\/energyflows.ch\/index.php\/2018\/11\/01\/zuespa-messe-zuerich-time-to-get-still-oktober-2018\/#primaryimage"},"thumbnailUrl":"https:\/\/www.energyflows.ch\/bilder\/blog\/Zuespa-2018.jpg","datePublished":"2018-11-01T13:20:56+00:00","dateModified":"2020-07-13T13:21:21+00:00","author":{"@id":"https:\/\/energyflows.ch\/#\/schema\/person\/1e2b19b86db41e1af68d257da6a04ac5"},"breadcrumb":{"@id":"https:\/\/energyflows.ch\/index.php\/2018\/11\/01\/zuespa-messe-zuerich-time-to-get-still-oktober-2018\/#breadcrumb"},"inLanguage":"de","potentialAction":[{"@type":"ReadAction","target":["https:\/\/energyflows.ch\/index.php\/2018\/11\/01\/zuespa-messe-zuerich-time-to-get-still-oktober-2018\/"]}]},{"@type":"ImageObject","inLanguage":"de","@id":"https:\/\/energyflows.ch\/index.php\/2018\/11\/01\/zuespa-messe-zuerich-time-to-get-still-oktober-2018\/#primaryimage","url":"https:\/\/www.energyflows.ch\/bilder\/blog\/Zuespa-2018.jpg","contentUrl":"https:\/\/www.energyflows.ch\/bilder\/blog\/Zuespa-2018.jpg"},{"@type":"BreadcrumbList","@id":"https:\/\/energyflows.ch\/index.php\/2018\/11\/01\/zuespa-messe-zuerich-time-to-get-still-oktober-2018\/#breadcrumb","itemListElement":[{"@type":"ListItem","position":1,"name":"Startseite","item":"https:\/\/energyflows.ch\/"},{"@type":"ListItem","position":2,"name":"Z\u00fcspa Messe Z\u00fcrich \u2013 Time to get still \/ Oktober 2018"}]},{"@type":"WebSite","@id":"https:\/\/energyflows.ch\/#website","url":"https:\/\/energyflows.ch\/","name":"Barbara Werner Therapie & Coaching f\u00fcr Bewusstsein Referentin \/ Autorin \/ Mensch Craniosacral Therapie","description":"Gesundheit, Bewusst-Sein, Nachhaltigkeit, Flow, Zeitgeist","potentialAction":[{"@type":"SearchAction","target":{"@type":"EntryPoint","urlTemplate":"https:\/\/energyflows.ch\/?s={search_term_string}"},"query-input":"required name=search_term_string"}],"inLanguage":"de"},{"@type":"Person","@id":"https:\/\/energyflows.ch\/#\/schema\/person\/1e2b19b86db41e1af68d257da6a04ac5","name":"admin","image":{"@type":"ImageObject","inLanguage":"de","@id":"https:\/\/energyflows.ch\/#\/schema\/person\/image\/","url":"https:\/\/secure.gravatar.com\/avatar\/f7770b46aabc2b479583398341647244?s=96&d=mm&r=g","contentUrl":"https:\/\/secure.gravatar.com\/avatar\/f7770b46aabc2b479583398341647244?s=96&d=mm&r=g","caption":"admin"},"sameAs":["https:\/\/energyflows.ch"]}]}},"_links":{"self":[{"href":"https:\/\/energyflows.ch\/index.php\/wp-json\/wp\/v2\/posts\/234"}],"collection":[{"href":"https:\/\/energyflows.ch\/index.php\/wp-json\/wp\/v2\/posts"}],"about":[{"href":"https:\/\/energyflows.ch\/index.php\/wp-json\/wp\/v2\/types\/post"}],"author":[{"embeddable":true,"href":"https:\/\/energyflows.ch\/index.php\/wp-json\/wp\/v2\/users\/1"}],"replies":[{"embeddable":true,"href":"https:\/\/energyflows.ch\/index.php\/wp-json\/wp\/v2\/comments?post=234"}],"version-history":[{"count":2,"href":"https:\/\/energyflows.ch\/index.php\/wp-json\/wp\/v2\/posts\/234\/revisions"}],"predecessor-version":[{"id":236,"href":"https:\/\/energyflows.ch\/index.php\/wp-json\/wp\/v2\/posts\/234\/revisions\/236"}],"wp:attachment":[{"href":"https:\/\/energyflows.ch\/index.php\/wp-json\/wp\/v2\/media?parent=234"}],"wp:term":[{"taxonomy":"category","embeddable":true,"href":"https:\/\/energyflows.ch\/index.php\/wp-json\/wp\/v2\/categories?post=234"},{"taxonomy":"post_tag","embeddable":true,"href":"https:\/\/energyflows.ch\/index.php\/wp-json\/wp\/v2\/tags?post=234"}],"curies":[{"name":"wp","href":"https:\/\/api.w.org\/{rel}","templated":true}]}}